[{"@context":"https:\/\/schema.org\/","@type":"Article","@id":"https:\/\/www.zrakol.cz\/zatouzili-jsme-po-kuchyni-ve-stylu-provence\/#Article","mainEntityOfPage":"https:\/\/www.zrakol.cz\/zatouzili-jsme-po-kuchyni-ve-stylu-provence\/","headline":"Zatou\u017eili jsme po kuchyni ve stylu Provence","name":"Zatou\u017eili jsme po kuchyni ve stylu Provence","description":"M\u00e1te r\u00e1di levanduli? \u00da\u017easn\u011b provon\u00ed byt a m\u00e1 i l\u00e9\u010div\u00e9 \u00fa\u010dinky, a co v\u00edc, je to p\u0159ekr\u00e1sn\u00e1 ozdoba domu i zahrady. Levandule se p\u011bstuje v m\u00edstech, kde je dostate\u010dn\u00e9 teplo a slune\u010dn\u00ed svit a velmi dob\u0159e se j\u00ed da\u0159\u00ed nap\u0159\u00edklad na jihu Francie v oblasti Provence. Tam se sice p\u011bstuje levandule sp\u00ed\u0161e pro technick\u00e9 \u00fa\u010dely, &hellip; <p class=\"link-more\"><a href=\"https:\/\/www.zrakol.cz\/zatouzili-jsme-po-kuchyni-ve-stylu-provence\/\" class=\"btn btn-default btn-custom\"><span class=\"btn-text\">Continue reading<\/span> <span class=\"btn-icon\"><i class=\"fa fa-angle-right\" aria-hidden=\"true\"><\/i><\/span> <span class=\"screen-reader-text\"> \"Zatou\u017eili jsme po kuchyni ve stylu Provence\"<\/span><\/a><\/p>","datePublished":"2024-12-14","dateModified":"2024-12-14","author":{"@type":"Person","@id":"https:\/\/www.zrakol.cz\/author\/#Person","name":"","url":"https:\/\/www.zrakol.cz\/author\/","identifier":1,"image":{"@type":"ImageObject","@id":"https:\/\/secure.gravatar.com\/avatar\/b86e461e91a792eb6523c2667396c9868de382fea5dd80e25dc0d9e030173b65?s=96&d=mm&r=g","url":"https:\/\/secure.gravatar.com\/avatar\/b86e461e91a792eb6523c2667396c9868de382fea5dd80e25dc0d9e030173b65?s=96&d=mm&r=g","height":96,"width":96}},"publisher":{"@type":"Organization","name":"zrakol.cz","logo":{"@type":"ImageObject","@id":"\/logo.png","url":"\/logo.png","width":600,"height":60}},"image":{"@type":"ImageObject","@id":"https:\/\/www.zrakol.cz\/wp-content\/uploads\/lavender-3764937_640.jpg","url":"https:\/\/www.zrakol.cz\/wp-content\/uploads\/lavender-3764937_640.jpg","height":0,"width":0},"url":"https:\/\/www.zrakol.cz\/zatouzili-jsme-po-kuchyni-ve-stylu-provence\/","about":["Zbo\u017e\u00ed"],"wordCount":391,"articleBody":"      M\u00e1te r\u00e1di levanduli? \u00da\u017easn\u011b provon\u00ed byt a m\u00e1 i l\u00e9\u010div\u00e9 \u00fa\u010dinky, a co v\u00edc, je to p\u0159ekr\u00e1sn\u00e1 ozdoba domu i zahrady. Levandule se p\u011bstuje v m\u00edstech, kde je dostate\u010dn\u00e9 teplo a slune\u010dn\u00ed svit a velmi dob\u0159e se j\u00ed da\u0159\u00ed nap\u0159\u00edklad na jihu Francie v oblasti Provence. Tam se sice p\u011bstuje levandule sp\u00ed\u0161e pro technick\u00e9 \u00fa\u010dely, nicm\u00e9n\u011b rozlehl\u00e9 p\u011bstebn\u00ed plochy tu dotv\u00e1\u0159\u00ed onen zvl\u00e1\u0161tn\u00ed kolorit ji\u017e des\u00edtky let. Provence se ov\u0161em ve sv\u011bt\u011b proslavila i filmovou tvorbou, jsou tam situovan\u00e9 nap\u0159\u00edklad legend\u00e1rn\u00ed \u010detnick\u00e9 komedie s Louis de Funesem a Michelem Galabru v pod\u00e1n\u00ed komisa\u0159e Cruchota a rotmistra Gerbera. Prvn\u00ed s\u00e9rie komedi\u00ed byly nat\u00e1\u010deny na pob\u0159e\u017e\u00ed m\u011bste\u010dka Saint Tropez na po\u010d\u00e1tku \u0161edes\u00e1t\u00fdch let a neb\u00fdt p\u0159ed\u010dasn\u00e9 smrti Louis de Funese, mo\u017en\u00e1 bychom se do\u010dkali i pokra\u010dov\u00e1n\u00ed posledn\u00edho d\u00edlu \u010cetn\u00edk a \u010detnice z roku 1982. Provence se t\u011b\u0161\u00ed zna\u010dn\u00e9 oblib\u011b i v \u010cesk\u00e9 republice, a to nejen skrze \u010detn\u00edky, co pron\u00e1sledovali nudisty a kvetouc\u00ed levandul\u00ed, mace\u0161kami \u010di slune\u010dnicemi, n\u00fdbr\u017e i rohovou kuchyn\u00ed Provence z kuchy\u0148sk\u00e9ho studia. Ta se za\u0159adila mezi ostatn\u00ed stylov\u00fd rustik\u00e1ln\u00ed n\u00e1bytek a i p\u0159es zna\u010dn\u00fd tlak ze strany mnoha z\u00e1kazn\u00edk\u016f na \u010dist\u00e9 modern\u00ed linie v minimalistick\u00e9m duchu je st\u00e1le provens\u00e1lsk\u00e9 vyj\u00e1d\u0159en\u00ed \u017eivotn\u00edho stylu t\u00edm, co je nesm\u00edrn\u011b popul\u00e1rn\u00ed i v druh\u00e9m desetilet\u00ed jednadvac\u00e1t\u00e9ho stolet\u00ed. Kuchyn\u011b Provence se hod\u00ed zejm\u00e9na do venkovsk\u00fdch obydl\u00ed, rekrea\u010dn\u00edch chat \u010di rodinn\u00fdch dom\u016f, ov\u0161em chcete-li m\u00edt kus ji\u017en\u00ed Francie i v panel\u00e1ku, pro\u010d ne? Jak si vybav\u00edte sv\u016fj interi\u00e9r, je pouze ot\u00e1zkou vnit\u0159n\u00edho jedine\u010dn\u00e9ho vkusu a br\u00e1nit v\u00e1m v tom nebude ani revitalizovan\u00fd bytov\u00fd d\u016fm na m\u011bstsk\u00e9m okrajov\u00e9m s\u00eddli\u0161ti, co se tv\u00e1\u0159\u00ed jako modern\u00ed z\u00e1stavba. A levandule? Tu si m\u016f\u017eete v byt\u011b i p\u011bstovat na balkon\u011b nebo pr\u00e1v\u011b v kuchyni a lze ji vyu\u017e\u00edvat i jako v\u016fni do aroma lampy, kter\u00e1 vykazuje antistresov\u00e9 a antiseptick\u00e9 \u00fa\u010dinky.                                                                                                                                                                                                                                                                                                                                                                                          4\/5 - (12 votes)        "},{"@context":"https:\/\/schema.org\/","@type":"BreadcrumbList","itemListElement":[{"@type":"ListItem","position":1,"name":"Zatou\u017eili jsme po kuchyni ve stylu Provence","item":"https:\/\/www.zrakol.cz\/zatouzili-jsme-po-kuchyni-ve-stylu-provence\/#breadcrumbitem"}]}]