[{"@context":"https:\/\/schema.org\/","@type":"Article","@id":"https:\/\/www.zrakol.cz\/uklid-kancelari-rano-nebo-vecer\/#Article","mainEntityOfPage":"https:\/\/www.zrakol.cz\/uklid-kancelari-rano-nebo-vecer\/","headline":"\u00daklid kancel\u00e1\u0159\u00ed r\u00e1no nebo ve\u010der","name":"\u00daklid kancel\u00e1\u0159\u00ed r\u00e1no nebo ve\u010der","description":"Kdy je nejlep\u0161\u00ed \u010das na \u00faklid kancel\u00e1\u0159e https:\/\/modryzralok.cz\/v-kterou-denni-dobu-je-nejlepsi-uklizet-kancelare\/? Jestli\u017ee si i vy kladete tuto ot\u00e1zku, m\u011bli byste v prvn\u00ed \u0159ad\u011b v\u011bd\u011bt, \u017ee existuj\u00ed \u00faklidov\u00e9 firmy, co jsou ochotn\u00e9 se pod\u0159\u00eddit re\u017eimu kancel\u00e1\u0159sk\u00fdch profes\u00ed a ukl\u00edzet tyto prostory, kdy to vyhovuje majitel\u016fm \u010di veden\u00ed firmy, anebo samotn\u00fdm zam\u011bstnanc\u016fm. Budeme-li uva\u017eovat b\u011b\u017en\u00fd pracovn\u00ed t\u00fdden od pond\u011bl\u00ed do &hellip; <p class=\"link-more\"><a href=\"https:\/\/www.zrakol.cz\/uklid-kancelari-rano-nebo-vecer\/\" class=\"btn btn-default btn-custom\"><span class=\"btn-text\">Continue reading<\/span> <span class=\"btn-icon\"><i class=\"fa fa-angle-right\" aria-hidden=\"true\"><\/i><\/span> <span class=\"screen-reader-text\"> \"\u00daklid kancel\u00e1\u0159\u00ed r\u00e1no nebo ve\u010der\"<\/span><\/a><\/p>","datePublished":"2023-11-12","dateModified":"2023-11-12","author":{"@type":"Person","@id":"https:\/\/www.zrakol.cz\/author\/#Person","name":"","url":"https:\/\/www.zrakol.cz\/author\/","identifier":1,"image":{"@type":"ImageObject","@id":"https:\/\/secure.gravatar.com\/avatar\/b86e461e91a792eb6523c2667396c9868de382fea5dd80e25dc0d9e030173b65?s=96&d=mm&r=g","url":"https:\/\/secure.gravatar.com\/avatar\/b86e461e91a792eb6523c2667396c9868de382fea5dd80e25dc0d9e030173b65?s=96&d=mm&r=g","height":96,"width":96}},"publisher":{"@type":"Organization","name":"zrakol.cz","logo":{"@type":"ImageObject","@id":"\/logo.png","url":"\/logo.png","width":600,"height":60}},"image":{"@type":"ImageObject","@id":"https:\/\/www.zrakol.cz\/wp-content\/uploads\/chairs-2181951_640_2.jpg","url":"https:\/\/www.zrakol.cz\/wp-content\/uploads\/chairs-2181951_640_2.jpg","height":0,"width":0},"url":"https:\/\/www.zrakol.cz\/uklid-kancelari-rano-nebo-vecer\/","about":["Internet"],"wordCount":421,"articleBody":"   Kdy je nejlep\u0161\u00ed \u010das na \u00faklid kancel\u00e1\u0159e https:\/\/modryzralok.cz\/v-kterou-denni-dobu-je-nejlepsi-uklizet-kancelare\/? Jestli\u017ee si i vy kladete tuto ot\u00e1zku, m\u011bli byste v prvn\u00ed \u0159ad\u011b v\u011bd\u011bt, \u017ee existuj\u00ed \u00faklidov\u00e9 firmy, co jsou ochotn\u00e9 se pod\u0159\u00eddit re\u017eimu kancel\u00e1\u0159sk\u00fdch profes\u00ed a ukl\u00edzet tyto prostory, kdy to vyhovuje majitel\u016fm \u010di veden\u00ed firmy, anebo samotn\u00fdm zam\u011bstnanc\u016fm. Budeme-li uva\u017eovat b\u011b\u017en\u00fd pracovn\u00ed t\u00fdden od pond\u011bl\u00ed do p\u00e1tku, kdy by m\u011bli pracovn\u00edci \u00faklidov\u00e9 slu\u017eby nastoupit a za\u010d\u00edt d\u00e1vat do po\u0159\u00e1dku kancel\u00e1\u0159sk\u00e9 prostory?R\u00e1no \u2013 toto b\u00fdvalo zvykem ji\u017e za socialismu a m\u00e1lokdo se podivoval nad t\u00edm, \u017ee b\u00fdvaly n\u011bkter\u00e9 kancel\u00e1\u0159e uklizen\u00e9 a \u010dist\u00e9 ji\u017e p\u0159ed p\u0159\u00edchodem prvn\u00edch administrativn\u00edch sil. Toto \u0159e\u0161en\u00ed m\u00e1 sv\u00e1 plus i m\u00ednus. Pokud je \u00faklidov\u00e1 firma ochotn\u00e1 si r\u00e1no p\u0159ivstat a za\u010d\u00edt s \u00faklidem t\u0159eba ji\u017e ve \u010dty\u0159i nebo v p\u011bt hodin, pak bude m\u00edt relativn\u011b v\u00edce volna po zbytek dne. D\u016fle\u017eit\u00e9 je v\u0161ak vhodn\u011b na\u010dasovat za\u010d\u00e1tek \u00faklidu tak, aby prob\u011bhl je\u0161t\u011b v dob\u011b, ne\u017e do pr\u00e1ce p\u0159ijdou kancel\u00e1\u0159\u0161t\u00ed pracovn\u00edci. Jist\u00fdm nebezpe\u010d\u00edm je vyt\u00edr\u00e1n\u00ed chodeb a dal\u0161\u00edch podlah, kter\u00e9 by m\u011bly vyschnout je\u0161t\u011b p\u0159ed t\u00edm, ne\u017e se po nich za\u010dne n\u011bkdo proch\u00e1zet, aby tu nedoch\u00e1zelo k \u00faraz\u016fm.Odpoledne a ve\u010der \u2013 kdo si r\u00e1no d\u00e9le p\u0159isp\u00ed a nesn\u00e1\u0161\u00ed vst\u00e1v\u00e1n\u00ed s bud\u00edkem, tomu bude vyhovovat prov\u00e1d\u011bt \u00faklid a\u017e ke konci dne. Mezit\u00edm se kancel\u00e1\u0159e vylidn\u00ed a v\u00fdhodou bude zejm\u00e9na to, \u017ee nen\u00ed t\u0159eba s \u00faklidem sp\u011bchat a zbyte\u010dn\u011b se stresovat, kdy\u017e se nestihne do p\u0159\u00edchodu kancel\u00e1\u0159sk\u00fdch pracovn\u00edk\u016f. Ve\u010dern\u00ed \u00faklid b\u00fdv\u00e1 klidn\u011bj\u0161\u00ed i z toho d\u016fvodu, \u017ee se v organismu tvo\u0159\u00ed nejm\u00e9n\u011b stresov\u00fdch hormon\u016f, a to se m\u016f\u017ee i kladn\u011b projevit na v\u00fdkonu zam\u011bstnanc\u016f \u00faklidov\u00e9 firmy.A\u0165 u\u017e se rozhodnete pro jakoukoli variantu, m\u011blo by j\u00edt o \u0159e\u0161en\u00ed v\u00fdhodn\u00e9 pro ob\u011b strany, jen tak budou spokojen\u00e9 v\u0161echny zainteresovan\u00e9 osoby, ani\u017e by n\u011bkdo profitoval na \u00fakor n\u011bkoho druh\u00e9ho. I zde plat\u00ed z\u00e1sadn\u00ed pravidlo, \u017ee nejd\u016fle\u017eit\u011bj\u0161\u00ed ze v\u0161eho je vz\u00e1jemn\u00e1 dohoda a spolupr\u00e1ce.                                                                                                                                                                                                                                                                                                                                                                                          4.4\/5 - (7 votes)        "},{"@context":"https:\/\/schema.org\/","@type":"BreadcrumbList","itemListElement":[{"@type":"ListItem","position":1,"name":"\u00daklid kancel\u00e1\u0159\u00ed r\u00e1no nebo ve\u010der","item":"https:\/\/www.zrakol.cz\/uklid-kancelari-rano-nebo-vecer\/#breadcrumbitem"}]}]