[{"@context":"https:\/\/schema.org\/","@type":"Article","@id":"https:\/\/www.zrakol.cz\/pripravte-se-na-plesovou-sezonu\/#Article","mainEntityOfPage":"https:\/\/www.zrakol.cz\/pripravte-se-na-plesovou-sezonu\/","headline":"P\u0159ipravte se na plesovou sez\u00f3nu","name":"P\u0159ipravte se na plesovou sez\u00f3nu","description":"S p\u0159ich\u00e1zej\u00edc\u00ed zimou se bl\u00ed\u017e\u00ed sez\u00f3na ples\u016f, kter\u00e9 se ka\u017ed\u00fd rok tak moc r\u00e1di \u00fa\u010dastn\u00edte. Nepodce\u0148te letos p\u0159\u00edpravu a investujte do kr\u00e1sn\u00fdch a modern\u00edch \u0161at\u016f, kter\u00e9 v\u00e1m budou dokonale padnout. Nezapome\u0148te v\u0161ak ani na tak d\u016fle\u017eit\u00fd prvek, kter\u00fdm je pr\u00e1v\u011b psan\u00ed\u010dko. To je alfou omegou cel\u00e9ho va\u0161eho ve\u010dern\u00edho modelu, ve kter\u00e9m zaz\u00e1\u0159\u00edte. Psan\u00ed\u010dko pln\u00ed nejenom &hellip; <p class=\"link-more\"><a href=\"https:\/\/www.zrakol.cz\/pripravte-se-na-plesovou-sezonu\/\" class=\"btn btn-default btn-custom\"><span class=\"btn-text\">Continue reading<\/span> <span class=\"btn-icon\"><i class=\"fa fa-angle-right\" aria-hidden=\"true\"><\/i><\/span> <span class=\"screen-reader-text\"> \"P\u0159ipravte se na plesovou sez\u00f3nu\"<\/span><\/a><\/p>","datePublished":"2025-03-01","dateModified":"2023-05-05","author":{"@type":"Person","@id":"https:\/\/www.zrakol.cz\/author\/#Person","name":"","url":"https:\/\/www.zrakol.cz\/author\/","identifier":1,"image":{"@type":"ImageObject","@id":"https:\/\/secure.gravatar.com\/avatar\/b86e461e91a792eb6523c2667396c9868de382fea5dd80e25dc0d9e030173b65?s=96&d=mm&r=g","url":"https:\/\/secure.gravatar.com\/avatar\/b86e461e91a792eb6523c2667396c9868de382fea5dd80e25dc0d9e030173b65?s=96&d=mm&r=g","height":96,"width":96}},"publisher":{"@type":"Organization","name":"zrakol.cz","logo":{"@type":"ImageObject","@id":"\/logo.png","url":"\/logo.png","width":600,"height":60}},"image":{"@type":"ImageObject","@id":"https:\/\/www.zrakol.cz\/wp-content\/uploads\/img_a329114_w2658_t1541420788.jpg","url":"https:\/\/www.zrakol.cz\/wp-content\/uploads\/img_a329114_w2658_t1541420788.jpg","height":0,"width":0},"url":"https:\/\/www.zrakol.cz\/pripravte-se-na-plesovou-sezonu\/","about":["M\u00f3da\r"],"wordCount":440,"articleBody":"S p\u0159ich\u00e1zej\u00edc\u00ed zimou se bl\u00ed\u017e\u00ed sez\u00f3na ples\u016f, kter\u00e9 se ka\u017ed\u00fd rok tak moc r\u00e1di \u00fa\u010dastn\u00edte. Nepodce\u0148te letos p\u0159\u00edpravu a investujte do kr\u00e1sn\u00fdch a modern\u00edch \u0161at\u016f, kter\u00e9 v\u00e1m budou dokonale padnout. Nezapome\u0148te v\u0161ak ani na tak d\u016fle\u017eit\u00fd prvek, kter\u00fdm je pr\u00e1v\u011b psan\u00ed\u010dko. To je alfou omegou cel\u00e9ho va\u0161eho ve\u010dern\u00edho modelu, ve kter\u00e9m zaz\u00e1\u0159\u00edte.  Psan\u00ed\u010dko pln\u00ed nejenom estetickou funkci, kdy skv\u011ble dopl\u0148uje va\u0161e \u0161aty a boty, d\u016fle\u017eitou roli hraje i z hlediska prakti\u010dnosti. Pr\u00e1v\u011b do n\u011bj si toti\u017e budete odkl\u00e1dat v\u0161echny sv\u00e9 osobn\u00ed v\u011bci, kter\u00e9 budete cht\u00edt m\u00edt cel\u00fd ve\u010der po ruce. Nej\u010dast\u011bji si sem \u017eeny d\u00e1vaj\u00ed pen\u011b\u017eenku, p\u0159\u00edpadn\u011b jen bankovky a mince, kl\u00ed\u010de, \u017eeton od \u0161atny a mobiln\u00ed telefon. Chyb\u011bt nem\u016f\u017ee ani mal\u00e9 zrc\u00e1tko a rt\u011bnka s pudrem. Nic v\u00edc se sem d\u00edky mal\u00fdm rozm\u011br\u016fm stejn\u011b nevejde, co\u017e je sv\u00fdm zp\u016fsobem i v\u00fdhoda, aspo\u0148 budete muset sv\u00e9 v\u011bci zkrouhnout na minimum a nebudete si s sebou br\u00e1t zbyte\u010dnosti. Vyb\u00edrejte podle barvy i velikosti Co se t\u00fdk\u00e1 velikosti, existuj\u00ed v\u011bt\u0161\u00ed i men\u0161\u00ed varianty. N\u011bkomu opravdu sta\u010d\u00ed pouze mal\u00e1 kapsi\u010dka na p\u00e1r drobn\u00fdch a kl\u00ed\u010dek od \u0161atny, n\u011bkter\u00e9 \u017eeny si v\u0161ak s sebou cht\u011bj\u00ed vz\u00edt i celou kosmetickou ta\u0161ti\u010dku, je tedy jasn\u00e9, \u017ee bude pot\u0159eba volit v\u011bt\u0161\u00ed velikosti. M\u011bjte v\u0161ak v\u017edy na pam\u011bti to, \u010d\u00edm m\u00e9n\u011b toho budete m\u00edt, t\u00edm m\u00e9n\u011b toho budete moci ztratit, a t\u00edm m\u00e9n\u011b toho budete muset cel\u00fd ve\u010der nosit u sebe. Sna\u017ete se tedy objem v\u011bc\u00ed, kter\u00e9 si s sebou chcete vz\u00edt na ples, redukovat na minimum.  Co se t\u00fdk\u00e1 barvy a stylu psan\u00ed\u010dka, zde z\u00e1le\u017e\u00ed zejm\u00e9na na tom, jak\u00e9ho stylu a barvy jsou va\u0161e \u0161aty, kter\u00e9 se chyst\u00e1te ten ve\u010der vyn\u00e9st. Pokud jste vsadili na n\u011bjakou jednobarevnou st\u0159\u00eddmou klasiku, nebojte se tro\u0161ku experimentovat a vz\u00edt si k tomu barevn\u011bj\u0161\u00ed a v\u00fdrazn\u011bj\u0161\u00ed kabelku, kter\u00e1 bude poutat pozornost a povznese v\u00e1\u0161 model zase o \u00farove\u0148 v\u00fd\u0161. Jestli\u017ee jste v\u0161ak zvolili v\u00fdst\u0159edn\u00ed r\u00f3bu, kter\u00e1 je sama o sob\u011b dost v\u00fdrazn\u00e1, tak volte sp\u00ed\u0161e univerz\u00e1ln\u00ed psan\u00ed\u010dko v n\u011bjak\u00e9 z\u00e1kladn\u00ed barv\u011b.                                                                                                                                                                                                                                                                                                                                                                                         4.6\/5 - (8 votes)        "},{"@context":"https:\/\/schema.org\/","@type":"BreadcrumbList","itemListElement":[{"@type":"ListItem","position":1,"name":"P\u0159ipravte se na plesovou sez\u00f3nu","item":"https:\/\/www.zrakol.cz\/pripravte-se-na-plesovou-sezonu\/#breadcrumbitem"}]}]