[{"@context":"https:\/\/schema.org\/","@type":"Article","@id":"https:\/\/www.zrakol.cz\/o-barvach-a-jejich-odstinech-skrini-na-miru\/#Article","mainEntityOfPage":"https:\/\/www.zrakol.cz\/o-barvach-a-jejich-odstinech-skrini-na-miru\/","headline":"O barv\u00e1ch a jejich odst\u00ednech sk\u0159\u00edn\u00ed na m\u00edru","name":"O barv\u00e1ch a jejich odst\u00ednech sk\u0159\u00edn\u00ed na m\u00edru","description":"Barevn\u00e9 kontrasty d\u011blaj\u00ed divy P\u0159edstavte si situaci, \u017ee za\u0159izujete byt, a m\u00e1te k dispozici zcela vypr\u00e1zdn\u011bn\u00fd prostor. KJ dispozici m\u00e1te pouze konferen\u010dn\u00ed stolek z masivn\u00edho d\u0159eva a k n\u011bmu je t\u0159eba zvolit vhodn\u00e9 dopl\u0148ky. Budete-li k d\u0159ev\u011bn\u00e9mu stolku volit plovouc\u00ed podlahu, v\u00fdsledek nebude valn\u00fd, proto\u017ee d\u0159evo s imitac\u00ed d\u0159eva nebude ladit, bude se p\u0159ekr\u00fdvat, oba &hellip; <p class=\"link-more\"><a href=\"https:\/\/www.zrakol.cz\/o-barvach-a-jejich-odstinech-skrini-na-miru\/\" class=\"btn btn-default btn-custom\"><span class=\"btn-text\">Continue reading<\/span> <span class=\"btn-icon\"><i class=\"fa fa-angle-right\" aria-hidden=\"true\"><\/i><\/span> <span class=\"screen-reader-text\"> \"O barv\u00e1ch a jejich odst\u00ednech sk\u0159\u00edn\u00ed na m\u00edru\"<\/span><\/a><\/p>","datePublished":"2022-07-17","dateModified":"2022-07-17","author":{"@type":"Person","@id":"https:\/\/www.zrakol.cz\/author\/#Person","name":"","url":"https:\/\/www.zrakol.cz\/author\/","identifier":1,"image":{"@type":"ImageObject","@id":"https:\/\/secure.gravatar.com\/avatar\/b86e461e91a792eb6523c2667396c9868de382fea5dd80e25dc0d9e030173b65?s=96&d=mm&r=g","url":"https:\/\/secure.gravatar.com\/avatar\/b86e461e91a792eb6523c2667396c9868de382fea5dd80e25dc0d9e030173b65?s=96&d=mm&r=g","height":96,"width":96}},"publisher":{"@type":"Organization","name":"zrakol.cz","logo":{"@type":"ImageObject","@id":"\/logo.png","url":"\/logo.png","width":600,"height":60}},"image":{"@type":"ImageObject","@id":"https:\/\/www.zrakol.cz\/wp-content\/uploads\/cat-6600032_640_1.jpg","url":"https:\/\/www.zrakol.cz\/wp-content\/uploads\/cat-6600032_640_1.jpg","height":0,"width":0},"url":"https:\/\/www.zrakol.cz\/o-barvach-a-jejich-odstinech-skrini-na-miru\/","about":["Zbo\u017e\u00ed"],"wordCount":393,"articleBody":"   Barevn\u00e9 kontrasty d\u011blaj\u00ed divyP\u0159edstavte si situaci, \u017ee za\u0159izujete byt, a m\u00e1te k dispozici zcela vypr\u00e1zdn\u011bn\u00fd prostor. KJ dispozici m\u00e1te pouze konferen\u010dn\u00ed stolek z masivn\u00edho d\u0159eva a k n\u011bmu je t\u0159eba zvolit vhodn\u00e9 dopl\u0148ky. Budete-li k d\u0159ev\u011bn\u00e9mu stolku volit plovouc\u00ed podlahu, v\u00fdsledek nebude valn\u00fd, proto\u017ee d\u0159evo s imitac\u00ed d\u0159eva nebude ladit, bude se p\u0159ekr\u00fdvat, oba materi\u00e1ly si budou vzhledov\u011b podobn\u00e9 a oboj\u00ed v m\u00edstnosti bude spl\u00fdvat, a\u017e ve zrakov\u00e9m vjemu sp\u00ed\u0161e zanikne. Kdy\u017e naopak ke stolku z masivu zvol\u00edte nap\u0159. kvalitn\u00ed kr\u00e9mov\u00fd nebo barevn\u00fd (modr\u00fd, zelen\u00fd \u010di r\u016f\u017eov\u00fd) koberec, pouze jednobarevn\u00fd a bez vzorku, d\u0159evo bude se zcela odli\u0161nou barvou koberce ost\u0159e kontrastovat a jak podlaha, tak i koberec v m\u00edstnosti zaj\u00edmav\u011b vyniknou. A mohou to b\u00fdt t\u0159eba v\u00fdrobky druh\u00e9 jakosti za v\u00fdprodejovou cenu.V podobn\u00e9m duchu m\u016f\u017eete postupovat i p\u0159i v\u00fdb\u011bru vestav\u011bn\u00e9 sk\u0159\u00edn\u011b na m\u00edru v Praze. Nesna\u017ete se o d\u0159ev\u011bn\u00fd dekor posuvn\u00fdch dve\u0159\u00ed, pokud m\u00e1te d\u0159ev\u011bnou podlahu nebo podlahovou imitaci d\u0159eva, jd\u011bte op\u011bt cestou kontrast\u016f. K modr\u00e9mu koberci vyb\u00edrejte sk\u0159\u00ed\u0148 v b\u00edl\u00e9 barv\u011b nap\u0159. se zelen\u00fdmi a s kv\u011btinov\u00fdmi rostlinn\u00fdmi motivy, k b\u00e9\u017eov\u00e9mu nev\u00fdrazn\u00e9mu koberci zas m\u016f\u017ee dob\u0159e pasovat sk\u0159\u00ed\u0148 v pastelov\u00fdch barv\u00e1ch, nap\u0159. do r\u016f\u017eova, fialov\u00e1, modr\u00e1 nebo \u010derven\u00e1.Dejte p\u0159ednost sv\u011btl\u00fdm barv\u00e1mSk\u0159\u00edn\u011b na m\u00edru maj\u00ed jednu podstatnou v\u00fdhodu a z\u00e1rove\u0148 nev\u00fdhodu. Velmi \u010dasto vykr\u00fdvaj\u00ed prostor cel\u00e9 st\u011bny od podlahy a\u017e ke stropu, \u010d\u00edm\u017e v\u00e1m sice poskytnou mnoho \u00falo\u017en\u00e9ho prostoru, ale z\u00e1rove\u0148 kryj\u00ed celou st\u011bnu tam, kde p\u016fvodn\u011b b\u00fdvala malba. Pokud zvol\u00edte tmav\u00fd dekor dve\u0159\u00ed, m\u00edstnost to opticky zmen\u0161\u00ed a ukroj\u00ed v\u00e1m to mnoho sv\u011btla, toto si m\u016f\u017eete dovolit u velk\u00fdch a prostorn\u00fdch hal, ale ne v mal\u00e9m pokoj\u00edku nebo v p\u0159eds\u00edni v panel\u00e1ku. Podobn\u011b postupujte i s koberci a jinou podlahovou krytinou \u2013 \u010d\u00edm sv\u011btlej\u0161\u00ed, t\u00edm v mal\u00fdch m\u00edstnostech lep\u0161\u00ed.                                                                                                                                                                                                                                                                                                                                                                                          2.7\/5 - (4 votes)        "},{"@context":"https:\/\/schema.org\/","@type":"BreadcrumbList","itemListElement":[{"@type":"ListItem","position":1,"name":"O barv\u00e1ch a jejich odst\u00ednech sk\u0159\u00edn\u00ed na m\u00edru","item":"https:\/\/www.zrakol.cz\/o-barvach-a-jejich-odstinech-skrini-na-miru\/#breadcrumbitem"}]}]