[{"@context":"https:\/\/schema.org\/","@type":"Article","@id":"https:\/\/www.zrakol.cz\/historie-vanocniho-stromku\/#Article","mainEntityOfPage":"https:\/\/www.zrakol.cz\/historie-vanocniho-stromku\/","headline":"Historie v\u00e1no\u010dn\u00edho stromku","name":"Historie v\u00e1no\u010dn\u00edho stromku","description":"V\u0161eobecn\u011b se tvrd\u00ed, \u017ee tato mal\u00e1 radost poch\u00e1z\u00ed z N\u011bmecka. V kronice v Br\u00e9m\u00e1ch je pr\u00fd zm\u00ednka ji\u017e z roku 1570. My v\u0161ak opust\u00edme toto tvrzen\u00ed i tuto cestu, a p\u016fjdeme cestou jinou, cestou dohad\u016f, nep\u0159esnost\u00ed, a tak tro\u0161ku i z\u00e1had. Nad histori\u00ed tohoto fenom\u00e9nu se neshodli ani N\u011bme\u010dt\u00ed badatel\u00e9. Sami mezi sebou se p\u0159ou, &hellip; <p class=\"link-more\"><a href=\"https:\/\/www.zrakol.cz\/historie-vanocniho-stromku\/\" class=\"btn btn-default btn-custom\"><span class=\"btn-text\">Continue reading<\/span> <span class=\"btn-icon\"><i class=\"fa fa-angle-right\" aria-hidden=\"true\"><\/i><\/span> <span class=\"screen-reader-text\"> \"Historie v\u00e1no\u010dn\u00edho stromku\"<\/span><\/a><\/p>","datePublished":"2025-02-27","dateModified":"2023-05-05","author":{"@type":"Person","@id":"https:\/\/www.zrakol.cz\/author\/#Person","name":"","url":"https:\/\/www.zrakol.cz\/author\/","identifier":1,"image":{"@type":"ImageObject","@id":"https:\/\/secure.gravatar.com\/avatar\/b86e461e91a792eb6523c2667396c9868de382fea5dd80e25dc0d9e030173b65?s=96&d=mm&r=g","url":"https:\/\/secure.gravatar.com\/avatar\/b86e461e91a792eb6523c2667396c9868de382fea5dd80e25dc0d9e030173b65?s=96&d=mm&r=g","height":96,"width":96}},"publisher":{"@type":"Organization","name":"zrakol.cz","logo":{"@type":"ImageObject","@id":"\/logo.png","url":"\/logo.png","width":600,"height":60}},"image":{"@type":"ImageObject","@id":"https:\/\/www.zrakol.cz\/wp-content\/uploads\/img_a330825_w2658_t1543313033.jpg","url":"https:\/\/www.zrakol.cz\/wp-content\/uploads\/img_a330825_w2658_t1543313033.jpg","height":0,"width":0},"url":"https:\/\/www.zrakol.cz\/historie-vanocniho-stromku\/","about":["Domov"],"wordCount":456,"articleBody":"V\u0161eobecn\u011b se tvrd\u00ed, \u017ee tato mal\u00e1 radost poch\u00e1z\u00ed z N\u011bmecka. V kronice v Br\u00e9m\u00e1ch je pr\u00fd zm\u00ednka ji\u017e z roku 1570. My v\u0161ak opust\u00edme toto tvrzen\u00ed i tuto cestu, a p\u016fjdeme cestou jinou, cestou dohad\u016f, nep\u0159esnost\u00ed, a tak tro\u0161ku i z\u00e1had.  Nad histori\u00ed tohoto fenom\u00e9nu se neshodli ani N\u011bme\u010dt\u00ed badatel\u00e9. Sami mezi sebou se p\u0159ou, co br\u00e1t a nebrat jako fakt, a sami mezi sebou si sn\u00e1\u0161ej\u00ed \u201ed\u016fkazy\u201c o tom \u010di onom.  P\u016fvod m\u016f\u017ee b\u00fdt klidn\u011b pohansk\u00fd. Tedy mnohem a mnohem star\u0161\u00ed, ne\u017e se uv\u00e1d\u00ed ve v\u00fd\u0161e zm\u00edn\u011bn\u00e9 kronice. Mohl by to klidn\u011b b\u00fdt posv\u00e1tn\u00fd strom jednoho z germ\u00e1nsk\u00fdch boh\u016f, a to p\u0159\u00edmo boha Wodana. Ten pr\u00fd st\u00e1val uprost\u0159ed posv\u00e1tn\u00e9ho h\u00e1je, a na jeho pam\u00e1tku a vzpom\u00ednku je pr\u00e1v\u011b strom v\u00e1no\u010dn\u00ed. Pro\u010d se zdob\u00ed jen v zim\u011b se mi nepoda\u0159ilo dop\u00e1trat, ale indicie napov\u00eddaj\u00ed tomu, \u017ee v\u0161eobecn\u011b m\u011bla zv\u011b\u0159 m\u00e1lo potravy. Proto\u017ee tehdy kdy\u017e sn\u011b\u017eilo tak po\u0159\u00e1dn\u011b. Proto se upevnily kusy potravin pro zv\u011b\u0159 na v\u011btve stromu. A samoz\u0159ejm\u011b se p\u0159idaly i r\u016fzn\u00e1 krm\u00edtka pro ptactvo. Mohlo to tak b\u00fdt? Mo\u017en\u00e1 ano, mo\u017en\u00e1 ne. V ka\u017ed\u00e9m p\u0159\u00edpad\u011b je to jedna z mo\u017enost\u00ed.  Spousta badatel\u016f s t\u00edmto n\u00e1zorem nesouhlas\u00ed a pova\u017euje v\u00e1no\u010dn\u00ed stromek za ryze k\u0159es\u0165anskou z\u00e1le\u017eitost. Ot\u00e1zku, pro\u010d je tedy o n\u011bm zm\u00ednka a\u017e v devaten\u00e1ct\u00e9m stolet\u00ed, a ne nikde d\u0159\u00edve v\u011bt\u0161inou ignoruj\u00ed.  Ono skute\u010dn\u011b nejsou \u017e\u00e1dn\u00e9 z\u00e1znamy, mimo Br\u00e9m, \u017ee by se n\u011bco jako zdoben\u00ed prov\u00e1d\u011blo. Prost\u011b dokonce sedmn\u00e1ct\u00e9ho stolet\u00ed nikde nic.  Ov\u011b\u0159en\u00e9 podklady a zm\u00ednky poch\u00e1zej\u00ed a\u017e pozd\u011bj\u0161\u00ed doby. A to, \u017ee stromky byly jen v bohat\u00fdch rodin\u00e1ch a jen u n\u011bkter\u00fdch. Zm\u00ednka se nal\u00e9z\u00e1 v knize \u201eBaumkultus\u201c od Wilhema Manhardta.   Chud\u00ed lid\u00e9 cht\u011bj\u00edce ty bohat\u00e9 napodobit, za\u010dali tak\u00e9, a tak se tato tradice za\u010dala \u0161\u00ed\u0159it i do seversk\u00fdch zem\u00ed, kde se rovn\u011b\u017e p\u0159ed t\u00edm o tomto zvyku nikde nikdo nezmi\u0148uje. N\u00e1sledn\u011b se stromek p\u0159esunoval i druh\u00fdm sm\u011brem a nyn\u00ed je ji\u017e skoro v ka\u017ed\u00e9 rodin\u011b. Dalo by se jist\u011b p\u00e1trat a b\u00e1dat d\u00e1l, ne\u017eli jsem za\u0161el j\u00e1, ale domn\u00edv\u00e1m se, \u017ee je to zbyte\u010dn\u00e9. Hlavn\u011b \u017ee je stromek hezk\u00fd a slou\u017e\u00ed sv\u00e9mu \u00fa\u010delu.                                                                                                                                                                                                                                                                                                                                                                                          4\/5 - (8 votes)        "},{"@context":"https:\/\/schema.org\/","@type":"BreadcrumbList","itemListElement":[{"@type":"ListItem","position":1,"name":"Historie v\u00e1no\u010dn\u00edho stromku","item":"https:\/\/www.zrakol.cz\/historie-vanocniho-stromku\/#breadcrumbitem"}]}]